{"id":131,"__str__":"Requerimento n\u00ba 202309282 de 2023 | Proposi\u00e7\u00e3o apresentada em Plen\u00e1rio | 28/09/2023","link_detail_backend":"/materia/tramitacao/131","metadata":{},"timestamp":"2023-09-28T19:32:33.593065-03:00","data_tramitacao":"2023-09-28","data_encaminhamento":null,"urgente":false,"turno":"","texto":"","data_fim_prazo":null,"ip":"187.17.187.241","ultima_edicao":"2023-09-28T19:32:18.484535-03:00","status":28,"materia":45,"unidade_tramitacao_local":3,"unidade_tramitacao_destino":4,"user":11}