{"id":284,"__str__":"Projeto de Indica\u00e7\u00e3o n\u00ba 20260201 de 2026","link_detail_backend":"/materia/284","metadata":{},"numero":20260201,"ano":2026,"numero_protocolo":null,"data_apresentacao":"2026-02-06","tipo_apresentacao":"E","data_publicacao":null,"numero_origem_externa":"","ano_origem_externa":null,"data_origem_externa":null,"apelido":"Projeto de Indica\u00e7\u00e3o","dias_prazo":null,"data_fim_prazo":null,"em_tramitacao":true,"polemica":false,"objeto":"Versa sobre Projeto de Indica\u00e7\u00e3o","complementar":false,"ementa":"Projeto de Indica\u00e7\u00e3o n\u00ba 001/2026\r\nAutoria: Vereador Jos\u00e9 Wenes dos Santos / Vereador Joanes Vieira da Silva\r\nEmenta: Denomina de Rua Boa Esperan\u00e7a a rua que indica.","indexacao":"","observacao":"06/02/2026 - Mat\u00e9ria Protocolada\r\n06/02/2026 - Mat\u00e9ria pautada para expediente de Sess\u00e3o Ordin\u00e1ria de 09/09/2026\r\n09/02/2026 - Mat\u00e9ria Apresentada em Sess\u00e3o Plen\u00e1ria\r\n09/02/2026 - Mat\u00e9ria circulada para discuss\u00e3o\r\n09/02/2026 - Mat\u00e9ria Aprovada\r\n11/02/2026 - Mat\u00e9ria remetida ao Poder Executivo","resultado":"","texto_original":null,"data_ultima_atualizacao":"2026-02-12T12:34:57.157429-03:00","ip":"177.22.240.0","ultima_edicao":"2026-02-12T12:34:57.059571-03:00","tipo":8,"regime_tramitacao":1,"tipo_origem_externa":null,"local_origem_externa":null,"user":11,"anexadas":[],"autores":[8]}