{"id":233,"__str__":"Projeto de Decreto Legislativo n\u00ba 20250501 de 2025","link_detail_backend":"/materia/233","metadata":{},"numero":20250501,"ano":2025,"numero_protocolo":null,"data_apresentacao":"2025-04-30","tipo_apresentacao":"","data_publicacao":null,"numero_origem_externa":"","ano_origem_externa":null,"data_origem_externa":null,"apelido":"Projeto de Decreto Legislativo","dias_prazo":null,"data_fim_prazo":null,"em_tramitacao":true,"polemica":false,"objeto":"Versa sobre Projeto de Decreto Legislativo","complementar":false,"ementa":"Concede Comenda de Honra ao M\u00e9rito \"Crisantina Monteiro Dias\" ao Senhor Sebasti\u00e3o Bandeira de Almeida.","indexacao":"","observacao":"30/04/2025 - Mat\u00e9ria recebida\r\n30/04/2025 - Mat\u00e9ria pautada para leitura em Sess\u00e3o Ordin\u00e1ria de 05/05/2025\r\n05/05/2025 - Mat\u00e9ria apresentada em Sess\u00e3o Plen\u00e1ria\r\n05/05/2025 - Mat\u00e9ria remetida a Comiss\u00e3o de Legisla\u00e7\u00e3o, Justi\u00e7a e Reda\u00e7\u00e3o Final\r\n09/05/2025 - Mat\u00e9ria pautada para Ses\u00e3o Ordin\u00e1ria de 12/05/2025\r\n12/05/2025 - Mat\u00e9ria retirada de pauta a pedido do autor","resultado":"","texto_original":null,"data_ultima_atualizacao":"2025-05-18T15:04:48.872481-03:00","ip":"177.22.243.137","ultima_edicao":"2025-05-18T15:04:12.425161-03:00","tipo":6,"regime_tramitacao":1,"tipo_origem_externa":null,"local_origem_externa":null,"user":11,"anexadas":[],"autores":[17]}